{"id":7053,"date":"2019-04-07T09:00:10","date_gmt":"2019-04-07T08:00:10","guid":{"rendered":"https:\/\/www.trezeaderecosreligiosos.pt\/?p=7053"},"modified":"2019-04-05T15:35:18","modified_gmt":"2019-04-05T14:35:18","slug":"a-nossa-decoracao-para-a-pascoa","status":"publish","type":"post","link":"https:\/\/www.trezeaderecosreligiosos.pt\/en\/a-nossa-decoracao-para-a-pascoa\/","title":{"rendered":"This year the Easter decoration is&#8230;"},"content":{"rendered":"\n<p><p id=\"tw-target-text\" class=\"tw-data-text tw-ta tw-text-small\" dir=\"ltr\" data-placeholder=\"Tradu\u00e7\u00e3o\"><span lang=\"en\" tabindex=\"0\">We have two weeks left for Easter and we already have the decoration prepared for that day. Traditionally, we spend the day with the family, and we like to gather at lunchtime to share stories of the wanderings of life.<\/span><\/p><\/p>\n\n<h6 class=\"wp-block-heading\">This year, we prepared a special decoration with white flowers. We chose the Calla Lily.<\/h6>\n\n<p> They are so elegant that only one is enough to make the table beautiful.<\/p>\n\n<p>These flowers bloomed with beads of sweat in the Garden of Gethsemane at the foot of the Mount of Olives in Jerusalem after the Cruxification of Christ.<\/p>\n\n<p>They are flowers that appear at this time of year, have the symbolism of peace and purity, and still the Resurrection of Christ. They remind us how the Resurrection continues to happen in the life cycle, in our lives and around us.<\/p>\n\n<p> And we want to create something that breaks with the ordinary and that can add a conversation around the table about an event that changed our lives.<\/p>\n\n<p><p id=\"tw-target-text\" class=\"tw-data-text tw-ta tw-text-small\" dir=\"ltr\" data-placeholder=\"Tradu\u00e7\u00e3o\"><span lang=\"en\" tabindex=\"0\">You can also decorate the cups of your lunch table with the word &#8220;Aleluia&#8221;! Something symbolic and that will, certainly, give you funny conversations!<\/span><\/p><\/p>\n\n<p> We believe that a great way to bring God into the world is to gather and reach others.<\/p>\n\n<p>We encourage the celebration of Easter not only within the walls of the church, but to flow into our homes.<\/p>\n\n<p>What are your favorite Easter traditions to celebrate the Resurrection of Christ?<\/p>\n\n<p>Treze | Adere\u00e7os Religiosos<\/p>\n","protected":false},"excerpt":{"rendered":"<p>We have two weeks left for Easter and we already have the decoration prepared for that day. Traditionally, we spend the day with the family, and we like to gather at lunchtime to share stories of the wanderings of life. This year, we prepared a special decoration with white flowers. We chose the Calla Lily. [&hellip;]<\/p>\n","protected":false},"author":6,"featured_media":7044,"comment_status":"closed","ping_status":"closed","sticky":false,"template":"","format":"standard","meta":{"_monsterinsights_skip_tracking":false,"_monsterinsights_sitenote_active":false,"_monsterinsights_sitenote_note":"","_monsterinsights_sitenote_category":0,"footnotes":""},"categories":[561],"tags":[596,594,597,595,592,593],"class_list":["post-7053","post","type-post","status-publish","format-standard","has-post-thumbnail","hentry","category-lifestyle-en","tag-callalily-en","tag-callalily","tag-easter-en","tag-easter","tag-whitelilies","tag-whitelilies-en"],"yoast_head":"<!-- This site is optimized with the Yoast SEO plugin v27.2 - https:\/\/yoast.com\/product\/yoast-seo-wordpress\/ -->\n<title>This year the Easter decoration is... - Treze<\/title>\n<meta name=\"description\" content=\"This year, we prepared a special decoration with white flowers.\" \/>\n<meta name=\"robots\" content=\"index, follow, max-snippet:-1, max-image-preview:large, max-video-preview:-1\" \/>\n<link rel=\"canonical\" href=\"https:\/\/www.trezeaderecosreligiosos.pt\/en\/a-nossa-decoracao-para-a-pascoa\/\" \/>\n<meta property=\"og:locale\" content=\"en_US\" \/>\n<meta property=\"og:type\" content=\"article\" \/>\n<meta property=\"og:title\" content=\"Our Easter decoration\" \/>\n<meta property=\"og:description\" content=\"We have two weeks left for Easter and we already have the decoration prepared for that day. Traditionally, we spent the day as a family, and we like to gather at lunchtime to share stories of the wanderings of life.\" \/>\n<meta property=\"og:url\" content=\"https:\/\/www.trezeaderecosreligiosos.pt\/en\/a-nossa-decoracao-para-a-pascoa\/\" \/>\n<meta property=\"og:site_name\" content=\"Treze\" \/>\n<meta property=\"article:publisher\" content=\"https:\/\/www.facebook.com\/Trezeaderecosreligiosos\/\" \/>\n<meta property=\"article:published_time\" content=\"2019-04-07T08:00:10+00:00\" \/>\n<meta property=\"og:image\" content=\"https:\/\/www.trezeaderecosreligiosos.pt\/wp\/wp-content\/uploads\/2019\/04\/Treze_Jarros-P\u00e1scoa1.jpg\" \/>\n\t<meta property=\"og:image:width\" content=\"1200\" \/>\n\t<meta property=\"og:image:height\" content=\"800\" \/>\n\t<meta property=\"og:image:type\" content=\"image\/jpeg\" \/>\n<meta name=\"author\" content=\"Sofia Neves\" \/>\n<meta name=\"twitter:card\" content=\"summary_large_image\" \/>\n<meta name=\"twitter:label1\" content=\"Written by\" \/>\n\t<meta name=\"twitter:data1\" content=\"Sofia Neves\" \/>\n\t<meta name=\"twitter:label2\" content=\"Est. reading time\" \/>\n\t<meta name=\"twitter:data2\" content=\"1 minute\" \/>\n<script type=\"application\/ld+json\" class=\"yoast-schema-graph\">{\"@context\":\"https:\/\/schema.org\",\"@graph\":[{\"@type\":\"Article\",\"@id\":\"https:\/\/www.trezeaderecosreligiosos.pt\/en\/a-nossa-decoracao-para-a-pascoa\/#article\",\"isPartOf\":{\"@id\":\"https:\/\/www.trezeaderecosreligiosos.pt\/en\/a-nossa-decoracao-para-a-pascoa\/\"},\"author\":{\"name\":\"Sofia Neves\",\"@id\":\"https:\/\/www.trezeaderecosreligiosos.pt\/#\/schema\/person\/7678dd919495c029b41139869b7f6e32\"},\"headline\":\"This year the Easter decoration is&#8230;\",\"datePublished\":\"2019-04-07T08:00:10+00:00\",\"mainEntityOfPage\":{\"@id\":\"https:\/\/www.trezeaderecosreligiosos.pt\/en\/a-nossa-decoracao-para-a-pascoa\/\"},\"wordCount\":249,\"publisher\":{\"@id\":\"https:\/\/www.trezeaderecosreligiosos.pt\/#organization\"},\"image\":{\"@id\":\"https:\/\/www.trezeaderecosreligiosos.pt\/en\/a-nossa-decoracao-para-a-pascoa\/#primaryimage\"},\"thumbnailUrl\":\"https:\/\/www.trezeaderecosreligiosos.pt\/wp\/wp-content\/uploads\/2019\/04\/Blog_jarros-brancos-2.jpg\",\"keywords\":[\"#callalily\",\"#callalily\",\"#easter\",\"#easter\",\"#whitelilies\",\"#whitelilies\"],\"articleSection\":[\"lifestyle\"],\"inLanguage\":\"en-US\"},{\"@type\":\"WebPage\",\"@id\":\"https:\/\/www.trezeaderecosreligiosos.pt\/en\/a-nossa-decoracao-para-a-pascoa\/\",\"url\":\"https:\/\/www.trezeaderecosreligiosos.pt\/en\/a-nossa-decoracao-para-a-pascoa\/\",\"name\":\"This year the Easter decoration is... - Treze\",\"isPartOf\":{\"@id\":\"https:\/\/www.trezeaderecosreligiosos.pt\/#website\"},\"primaryImageOfPage\":{\"@id\":\"https:\/\/www.trezeaderecosreligiosos.pt\/en\/a-nossa-decoracao-para-a-pascoa\/#primaryimage\"},\"image\":{\"@id\":\"https:\/\/www.trezeaderecosreligiosos.pt\/en\/a-nossa-decoracao-para-a-pascoa\/#primaryimage\"},\"thumbnailUrl\":\"https:\/\/www.trezeaderecosreligiosos.pt\/wp\/wp-content\/uploads\/2019\/04\/Blog_jarros-brancos-2.jpg\",\"datePublished\":\"2019-04-07T08:00:10+00:00\",\"description\":\"This year, we prepared a special decoration with white flowers.\",\"breadcrumb\":{\"@id\":\"https:\/\/www.trezeaderecosreligiosos.pt\/en\/a-nossa-decoracao-para-a-pascoa\/#breadcrumb\"},\"inLanguage\":\"en-US\",\"potentialAction\":[{\"@type\":\"ReadAction\",\"target\":[\"https:\/\/www.trezeaderecosreligiosos.pt\/en\/a-nossa-decoracao-para-a-pascoa\/\"]}]},{\"@type\":\"ImageObject\",\"inLanguage\":\"en-US\",\"@id\":\"https:\/\/www.trezeaderecosreligiosos.pt\/en\/a-nossa-decoracao-para-a-pascoa\/#primaryimage\",\"url\":\"https:\/\/www.trezeaderecosreligiosos.pt\/wp\/wp-content\/uploads\/2019\/04\/Blog_jarros-brancos-2.jpg\",\"contentUrl\":\"https:\/\/www.trezeaderecosreligiosos.pt\/wp\/wp-content\/uploads\/2019\/04\/Blog_jarros-brancos-2.jpg\",\"width\":1171,\"height\":780,\"caption\":\"Fotografia de cart\u00f5es com uma \u00e1rvore e ao lado uma flor simbolo da P\u00e1scoa.\"},{\"@type\":\"BreadcrumbList\",\"@id\":\"https:\/\/www.trezeaderecosreligiosos.pt\/en\/a-nossa-decoracao-para-a-pascoa\/#breadcrumb\",\"itemListElement\":[{\"@type\":\"ListItem\",\"position\":1,\"name\":\"In\u00edcio\",\"item\":\"https:\/\/www.trezeaderecosreligiosos.pt\/en\/\"},{\"@type\":\"ListItem\",\"position\":2,\"name\":\"This year the Easter decoration is&#8230;\"}]},{\"@type\":\"WebSite\",\"@id\":\"https:\/\/www.trezeaderecosreligiosos.pt\/#website\",\"url\":\"https:\/\/www.trezeaderecosreligiosos.pt\/\",\"name\":\"Treze\",\"description\":\"Adere\u00e7os Religiosos\",\"publisher\":{\"@id\":\"https:\/\/www.trezeaderecosreligiosos.pt\/#organization\"},\"potentialAction\":[{\"@type\":\"SearchAction\",\"target\":{\"@type\":\"EntryPoint\",\"urlTemplate\":\"https:\/\/www.trezeaderecosreligiosos.pt\/?s={search_term_string}\"},\"query-input\":{\"@type\":\"PropertyValueSpecification\",\"valueRequired\":true,\"valueName\":\"search_term_string\"}}],\"inLanguage\":\"en-US\"},{\"@type\":\"Organization\",\"@id\":\"https:\/\/www.trezeaderecosreligiosos.pt\/#organization\",\"name\":\"Treze\",\"alternateName\":\"Adere\u00e7os religiosos\",\"url\":\"https:\/\/www.trezeaderecosreligiosos.pt\/\",\"logo\":{\"@type\":\"ImageObject\",\"inLanguage\":\"en-US\",\"@id\":\"https:\/\/www.trezeaderecosreligiosos.pt\/#\/schema\/logo\/image\/\",\"url\":\"https:\/\/www.trezeaderecosreligiosos.pt\/wp\/wp-content\/uploads\/2018\/10\/logo-treze.png\",\"contentUrl\":\"https:\/\/www.trezeaderecosreligiosos.pt\/wp\/wp-content\/uploads\/2018\/10\/logo-treze.png\",\"width\":149,\"height\":118,\"caption\":\"Treze\"},\"image\":{\"@id\":\"https:\/\/www.trezeaderecosreligiosos.pt\/#\/schema\/logo\/image\/\"},\"sameAs\":[\"https:\/\/www.facebook.com\/Trezeaderecosreligiosos\/\",\"https:\/\/www.instagram.com\/treze_portugal\/\",\"https:\/\/www.pinterest.pt\/trezepinterest\/\"]},{\"@type\":\"Person\",\"@id\":\"https:\/\/www.trezeaderecosreligiosos.pt\/#\/schema\/person\/7678dd919495c029b41139869b7f6e32\",\"name\":\"Sofia Neves\",\"url\":\"https:\/\/www.trezeaderecosreligiosos.pt\/en\/author\/sofia\/\"}]}<\/script>\n<!-- \/ Yoast SEO plugin. -->","yoast_head_json":{"title":"This year the Easter decoration is... - Treze","description":"This year, we prepared a special decoration with white flowers.","robots":{"index":"index","follow":"follow","max-snippet":"max-snippet:-1","max-image-preview":"max-image-preview:large","max-video-preview":"max-video-preview:-1"},"canonical":"https:\/\/www.trezeaderecosreligiosos.pt\/en\/a-nossa-decoracao-para-a-pascoa\/","og_locale":"en_US","og_type":"article","og_title":"Our Easter decoration","og_description":"We have two weeks left for Easter and we already have the decoration prepared for that day. Traditionally, we spent the day as a family, and we like to gather at lunchtime to share stories of the wanderings of life.","og_url":"https:\/\/www.trezeaderecosreligiosos.pt\/en\/a-nossa-decoracao-para-a-pascoa\/","og_site_name":"Treze","article_publisher":"https:\/\/www.facebook.com\/Trezeaderecosreligiosos\/","article_published_time":"2019-04-07T08:00:10+00:00","og_image":[{"width":1200,"height":800,"url":"https:\/\/www.trezeaderecosreligiosos.pt\/wp\/wp-content\/uploads\/2019\/04\/Treze_Jarros-P\u00e1scoa1.jpg","type":"image\/jpeg"}],"author":"Sofia Neves","twitter_card":"summary_large_image","twitter_misc":{"Written by":"Sofia Neves","Est. reading time":"1 minute"},"schema":{"@context":"https:\/\/schema.org","@graph":[{"@type":"Article","@id":"https:\/\/www.trezeaderecosreligiosos.pt\/en\/a-nossa-decoracao-para-a-pascoa\/#article","isPartOf":{"@id":"https:\/\/www.trezeaderecosreligiosos.pt\/en\/a-nossa-decoracao-para-a-pascoa\/"},"author":{"name":"Sofia Neves","@id":"https:\/\/www.trezeaderecosreligiosos.pt\/#\/schema\/person\/7678dd919495c029b41139869b7f6e32"},"headline":"This year the Easter decoration is&#8230;","datePublished":"2019-04-07T08:00:10+00:00","mainEntityOfPage":{"@id":"https:\/\/www.trezeaderecosreligiosos.pt\/en\/a-nossa-decoracao-para-a-pascoa\/"},"wordCount":249,"publisher":{"@id":"https:\/\/www.trezeaderecosreligiosos.pt\/#organization"},"image":{"@id":"https:\/\/www.trezeaderecosreligiosos.pt\/en\/a-nossa-decoracao-para-a-pascoa\/#primaryimage"},"thumbnailUrl":"https:\/\/www.trezeaderecosreligiosos.pt\/wp\/wp-content\/uploads\/2019\/04\/Blog_jarros-brancos-2.jpg","keywords":["#callalily","#callalily","#easter","#easter","#whitelilies","#whitelilies"],"articleSection":["lifestyle"],"inLanguage":"en-US"},{"@type":"WebPage","@id":"https:\/\/www.trezeaderecosreligiosos.pt\/en\/a-nossa-decoracao-para-a-pascoa\/","url":"https:\/\/www.trezeaderecosreligiosos.pt\/en\/a-nossa-decoracao-para-a-pascoa\/","name":"This year the Easter decoration is... - Treze","isPartOf":{"@id":"https:\/\/www.trezeaderecosreligiosos.pt\/#website"},"primaryImageOfPage":{"@id":"https:\/\/www.trezeaderecosreligiosos.pt\/en\/a-nossa-decoracao-para-a-pascoa\/#primaryimage"},"image":{"@id":"https:\/\/www.trezeaderecosreligiosos.pt\/en\/a-nossa-decoracao-para-a-pascoa\/#primaryimage"},"thumbnailUrl":"https:\/\/www.trezeaderecosreligiosos.pt\/wp\/wp-content\/uploads\/2019\/04\/Blog_jarros-brancos-2.jpg","datePublished":"2019-04-07T08:00:10+00:00","description":"This year, we prepared a special decoration with white flowers.","breadcrumb":{"@id":"https:\/\/www.trezeaderecosreligiosos.pt\/en\/a-nossa-decoracao-para-a-pascoa\/#breadcrumb"},"inLanguage":"en-US","potentialAction":[{"@type":"ReadAction","target":["https:\/\/www.trezeaderecosreligiosos.pt\/en\/a-nossa-decoracao-para-a-pascoa\/"]}]},{"@type":"ImageObject","inLanguage":"en-US","@id":"https:\/\/www.trezeaderecosreligiosos.pt\/en\/a-nossa-decoracao-para-a-pascoa\/#primaryimage","url":"https:\/\/www.trezeaderecosreligiosos.pt\/wp\/wp-content\/uploads\/2019\/04\/Blog_jarros-brancos-2.jpg","contentUrl":"https:\/\/www.trezeaderecosreligiosos.pt\/wp\/wp-content\/uploads\/2019\/04\/Blog_jarros-brancos-2.jpg","width":1171,"height":780,"caption":"Fotografia de cart\u00f5es com uma \u00e1rvore e ao lado uma flor simbolo da P\u00e1scoa."},{"@type":"BreadcrumbList","@id":"https:\/\/www.trezeaderecosreligiosos.pt\/en\/a-nossa-decoracao-para-a-pascoa\/#breadcrumb","itemListElement":[{"@type":"ListItem","position":1,"name":"In\u00edcio","item":"https:\/\/www.trezeaderecosreligiosos.pt\/en\/"},{"@type":"ListItem","position":2,"name":"This year the Easter decoration is&#8230;"}]},{"@type":"WebSite","@id":"https:\/\/www.trezeaderecosreligiosos.pt\/#website","url":"https:\/\/www.trezeaderecosreligiosos.pt\/","name":"Treze","description":"Adere\u00e7os Religiosos","publisher":{"@id":"https:\/\/www.trezeaderecosreligiosos.pt\/#organization"},"potentialAction":[{"@type":"SearchAction","target":{"@type":"EntryPoint","urlTemplate":"https:\/\/www.trezeaderecosreligiosos.pt\/?s={search_term_string}"},"query-input":{"@type":"PropertyValueSpecification","valueRequired":true,"valueName":"search_term_string"}}],"inLanguage":"en-US"},{"@type":"Organization","@id":"https:\/\/www.trezeaderecosreligiosos.pt\/#organization","name":"Treze","alternateName":"Adere\u00e7os religiosos","url":"https:\/\/www.trezeaderecosreligiosos.pt\/","logo":{"@type":"ImageObject","inLanguage":"en-US","@id":"https:\/\/www.trezeaderecosreligiosos.pt\/#\/schema\/logo\/image\/","url":"https:\/\/www.trezeaderecosreligiosos.pt\/wp\/wp-content\/uploads\/2018\/10\/logo-treze.png","contentUrl":"https:\/\/www.trezeaderecosreligiosos.pt\/wp\/wp-content\/uploads\/2018\/10\/logo-treze.png","width":149,"height":118,"caption":"Treze"},"image":{"@id":"https:\/\/www.trezeaderecosreligiosos.pt\/#\/schema\/logo\/image\/"},"sameAs":["https:\/\/www.facebook.com\/Trezeaderecosreligiosos\/","https:\/\/www.instagram.com\/treze_portugal\/","https:\/\/www.pinterest.pt\/trezepinterest\/"]},{"@type":"Person","@id":"https:\/\/www.trezeaderecosreligiosos.pt\/#\/schema\/person\/7678dd919495c029b41139869b7f6e32","name":"Sofia Neves","url":"https:\/\/www.trezeaderecosreligiosos.pt\/en\/author\/sofia\/"}]}},"_links":{"self":[{"href":"https:\/\/www.trezeaderecosreligiosos.pt\/en\/wp-json\/wp\/v2\/posts\/7053","targetHints":{"allow":["GET"]}}],"collection":[{"href":"https:\/\/www.trezeaderecosreligiosos.pt\/en\/wp-json\/wp\/v2\/posts"}],"about":[{"href":"https:\/\/www.trezeaderecosreligiosos.pt\/en\/wp-json\/wp\/v2\/types\/post"}],"author":[{"embeddable":true,"href":"https:\/\/www.trezeaderecosreligiosos.pt\/en\/wp-json\/wp\/v2\/users\/6"}],"replies":[{"embeddable":true,"href":"https:\/\/www.trezeaderecosreligiosos.pt\/en\/wp-json\/wp\/v2\/comments?post=7053"}],"version-history":[{"count":0,"href":"https:\/\/www.trezeaderecosreligiosos.pt\/en\/wp-json\/wp\/v2\/posts\/7053\/revisions"}],"wp:featuredmedia":[{"embeddable":true,"href":"https:\/\/www.trezeaderecosreligiosos.pt\/en\/wp-json\/wp\/v2\/media\/7044"}],"wp:attachment":[{"href":"https:\/\/www.trezeaderecosreligiosos.pt\/en\/wp-json\/wp\/v2\/media?parent=7053"}],"wp:term":[{"taxonomy":"category","embeddable":true,"href":"https:\/\/www.trezeaderecosreligiosos.pt\/en\/wp-json\/wp\/v2\/categories?post=7053"},{"taxonomy":"post_tag","embeddable":true,"href":"https:\/\/www.trezeaderecosreligiosos.pt\/en\/wp-json\/wp\/v2\/tags?post=7053"}],"curies":[{"name":"wp","href":"https:\/\/api.w.org\/{rel}","templated":true}]}}