{"id":136680,"date":"2023-07-19T16:42:45","date_gmt":"2023-07-19T15:42:45","guid":{"rendered":"https:\/\/www.trezeaderecosreligiosos.pt\/a-tua-fe-a-cores\/"},"modified":"2023-07-19T17:00:16","modified_gmt":"2023-07-19T16:00:16","slug":"a-tua-fe-a-cores","status":"publish","type":"post","link":"https:\/\/www.trezeaderecosreligiosos.pt\/en\/a-tua-fe-a-cores\/","title":{"rendered":"Your faith in color"},"content":{"rendered":"<p id=\"tw-target-text\" class=\"tw-data-text tw-text-large tw-ta\" dir=\"ltr\" data-placeholder=\"Tradu\u00e7\u00e3o\"><span class=\"Y2IQFc\" lang=\"en\">We created <a href=\"https:\/\/www.trezeaderecosreligiosos.pt\/produto\/tornar-colorida-a-fe\/\">this collection<\/a> to celebrate Portugal and the thousands of young people who visit us and fill the country with their Faith, Color and Joy. The idea behind the campaign \u2013 Your Faith in Colors \u2013 is, in essence, the story of Treze.<\/span><\/p>\n<blockquote>\n<p id=\"tw-target-text\" class=\"tw-data-text tw-text-large tw-ta\" dir=\"ltr\" data-placeholder=\"Tradu\u00e7\u00e3o\"><span class=\"Y2IQFc\" lang=\"en\">&#8220;I remember that, at the age of 6, when I saw the first film of the Apparitions, I felt very scared and confused. For a long time, even subconsciously, I associated religious figures with something heavy and fearful. It was through the creation of Treze, and our original pieces (religious-inspired, but full of color and lightness), which aesthetically reconnected with the religious universe. This is our invitation, that each one of us can give color to their faith!&#8221; &#8211; Sofia Neves, CEO Treze.<\/span><\/p>\n<\/blockquote>\n<p>&nbsp;<\/p>\n<p><img loading=\"lazy\" decoding=\"async\" class=\"wp-image-136669 aligncenter\" src=\"https:\/\/www.trezeaderecosreligiosos.pt\/wp\/wp-content\/uploads\/2023\/07\/Treze_a-tua-fe-a-cores_blog1a.jpg\" alt=\"\" width=\"504\" height=\"336\" srcset=\"https:\/\/www.trezeaderecosreligiosos.pt\/wp\/wp-content\/uploads\/2023\/07\/Treze_a-tua-fe-a-cores_blog1a.jpg 1200w, https:\/\/www.trezeaderecosreligiosos.pt\/wp\/wp-content\/uploads\/2023\/07\/Treze_a-tua-fe-a-cores_blog1a-300x200.jpg 300w, https:\/\/www.trezeaderecosreligiosos.pt\/wp\/wp-content\/uploads\/2023\/07\/Treze_a-tua-fe-a-cores_blog1a-1024x683.jpg 1024w, https:\/\/www.trezeaderecosreligiosos.pt\/wp\/wp-content\/uploads\/2023\/07\/Treze_a-tua-fe-a-cores_blog1a-768x512.jpg 768w, https:\/\/www.trezeaderecosreligiosos.pt\/wp\/wp-content\/uploads\/2023\/07\/Treze_a-tua-fe-a-cores_blog1a-538x359.jpg 538w\" sizes=\"auto, (max-width: 504px) 100vw, 504px\" \/><\/p>\n<p>&nbsp;<\/p>\n<p id=\"tw-target-text\" class=\"tw-data-text tw-text-large tw-ta\" dir=\"ltr\" data-placeholder=\"Tradu\u00e7\u00e3o\"><span class=\"Y2IQFc\" lang=\"en\">This edition is limited and consists of four 7cm pieces of Our Lady of Fatima, in the colors of our country, because we like to color with love!<\/span><\/p>\n<figure id=\"attachment_136663\" aria-describedby=\"caption-attachment-136663\" style=\"width: 300px\" class=\"wp-caption aligncenter\"><img loading=\"lazy\" decoding=\"async\" class=\"wp-image-136663 size-medium\" src=\"https:\/\/www.trezeaderecosreligiosos.pt\/wp\/wp-content\/uploads\/2023\/07\/Treze_a-tua-fe-a-cores_blog2.jpg-300x200.png\" alt=\"Com a pe\u00e7a de cor vermelha: invocamos o amor de todos pela experi\u00eancia desta Jornada.Com a pe\u00e7a de cor amarela: celebramos o sol portugu\u00eas e o Caminho da Vida!\" width=\"300\" height=\"200\" srcset=\"https:\/\/www.trezeaderecosreligiosos.pt\/wp\/wp-content\/uploads\/2023\/07\/Treze_a-tua-fe-a-cores_blog2.jpg-300x200.png 300w, https:\/\/www.trezeaderecosreligiosos.pt\/wp\/wp-content\/uploads\/2023\/07\/Treze_a-tua-fe-a-cores_blog2.jpg-1024x683.png 1024w, https:\/\/www.trezeaderecosreligiosos.pt\/wp\/wp-content\/uploads\/2023\/07\/Treze_a-tua-fe-a-cores_blog2.jpg-768x512.png 768w, https:\/\/www.trezeaderecosreligiosos.pt\/wp\/wp-content\/uploads\/2023\/07\/Treze_a-tua-fe-a-cores_blog2.jpg-538x359.png 538w, https:\/\/www.trezeaderecosreligiosos.pt\/wp\/wp-content\/uploads\/2023\/07\/Treze_a-tua-fe-a-cores_blog2.jpg.png 1200w\" sizes=\"auto, (max-width: 300px) 100vw, 300px\" \/><figcaption id=\"caption-attachment-136663\" class=\"wp-caption-text\"><span class=\"Y2IQFc\" lang=\"en\">With the red piece: we invoke everyone&#8217;s love for the experience of this Journey. With the yellow piece: we celebrate the Portuguese sun and the Path of Life!<\/span><\/figcaption><\/figure>\n<p>&nbsp;<\/p>\n<figure id=\"attachment_136667\" aria-describedby=\"caption-attachment-136667\" style=\"width: 300px\" class=\"wp-caption aligncenter\"><img loading=\"lazy\" decoding=\"async\" class=\"wp-image-136667 size-medium\" src=\"https:\/\/www.trezeaderecosreligiosos.pt\/wp\/wp-content\/uploads\/2023\/07\/Treze_a-tua-fe-a-cores_blog3-300x200.jpg\" alt=\"Com a pe\u00e7a de cor branca: reverenciamos Maria e a mensagens de Paz do Papa Francisco ao mundo.Com a pe\u00e7a de cor verde: honramos a natureza e a Azinheira Grande, que acolheu Maria.\" width=\"300\" height=\"200\" srcset=\"https:\/\/www.trezeaderecosreligiosos.pt\/wp\/wp-content\/uploads\/2023\/07\/Treze_a-tua-fe-a-cores_blog3-300x200.jpg 300w, https:\/\/www.trezeaderecosreligiosos.pt\/wp\/wp-content\/uploads\/2023\/07\/Treze_a-tua-fe-a-cores_blog3-1024x683.jpg 1024w, https:\/\/www.trezeaderecosreligiosos.pt\/wp\/wp-content\/uploads\/2023\/07\/Treze_a-tua-fe-a-cores_blog3-768x512.jpg 768w, https:\/\/www.trezeaderecosreligiosos.pt\/wp\/wp-content\/uploads\/2023\/07\/Treze_a-tua-fe-a-cores_blog3-538x359.jpg 538w, https:\/\/www.trezeaderecosreligiosos.pt\/wp\/wp-content\/uploads\/2023\/07\/Treze_a-tua-fe-a-cores_blog3.jpg 1200w\" sizes=\"auto, (max-width: 300px) 100vw, 300px\" \/><figcaption id=\"caption-attachment-136667\" class=\"wp-caption-text\"><span class=\"Y2IQFc\" lang=\"en\">With the white piece: we revere Mary and Pope Francis&#8217; messages of Peace to the world. With the green piece: we honor nature and Azinheira Grande, who welcomed Maria.<\/span><\/figcaption><\/figure>\n<p><img loading=\"lazy\" decoding=\"async\" class=\"wp-image-136674 aligncenter\" src=\"https:\/\/www.trezeaderecosreligiosos.pt\/wp\/wp-content\/uploads\/2023\/07\/Treze_a-tua-fe-a-cores_blog5.jpg\" alt=\"\" width=\"640\" height=\"427\" srcset=\"https:\/\/www.trezeaderecosreligiosos.pt\/wp\/wp-content\/uploads\/2023\/07\/Treze_a-tua-fe-a-cores_blog5.jpg 1200w, https:\/\/www.trezeaderecosreligiosos.pt\/wp\/wp-content\/uploads\/2023\/07\/Treze_a-tua-fe-a-cores_blog5-300x200.jpg 300w, https:\/\/www.trezeaderecosreligiosos.pt\/wp\/wp-content\/uploads\/2023\/07\/Treze_a-tua-fe-a-cores_blog5-1024x683.jpg 1024w, https:\/\/www.trezeaderecosreligiosos.pt\/wp\/wp-content\/uploads\/2023\/07\/Treze_a-tua-fe-a-cores_blog5-768x512.jpg 768w, https:\/\/www.trezeaderecosreligiosos.pt\/wp\/wp-content\/uploads\/2023\/07\/Treze_a-tua-fe-a-cores_blog5-538x359.jpg 538w\" sizes=\"auto, (max-width: 640px) 100vw, 640px\" \/><\/p>\n<p id=\"tw-target-text\" class=\"tw-data-text tw-text-large tw-ta\" dir=\"ltr\" data-placeholder=\"Tradu\u00e7\u00e3o\"><span class=\"Y2IQFc\" lang=\"en\">It is the ideal gift for everyone who wants to mark their participation in <a href=\"https:\/\/www.lisboa2023.org\/pt\">World Youth Day<\/a>, with a souvenir for themselves and their group of friends or family.<\/span><\/p>\n<p id=\"tw-target-text\" class=\"tw-data-text tw-text-large tw-ta\" dir=\"ltr\" data-placeholder=\"Tradu\u00e7\u00e3o\"><span class=\"Y2IQFc\" lang=\"en\">The limited edition is only available until July 28, 2023.<\/span><\/p>\n<p>Is your faith already in color?<\/p>\n<p>Treze, 2023.<\/p>\n","protected":false},"excerpt":{"rendered":"<p>We created this collection to celebrate Portugal and the thousands of young people who visit us and fill the country with their Faith, Color and Joy. The idea behind the campaign \u2013 Your Faith in Colors \u2013 is, in essence, the story of Treze. &#8220;I remember that, at the age of 6, when I saw [&hellip;]<\/p>\n","protected":false},"author":6,"featured_media":136661,"comment_status":"open","ping_status":"closed","sticky":false,"template":"","format":"standard","meta":{"_monsterinsights_skip_tracking":false,"_monsterinsights_sitenote_active":false,"_monsterinsights_sitenote_note":"","_monsterinsights_sitenote_category":0,"footnotes":""},"categories":[949],"tags":[1169,1170,1171,583,1034,1172,1173,585,1174,1175,1176,1039,1177,1178,1179,1180,565],"class_list":["post-136680","post","type-post","status-publish","format-standard","has-post-thumbnail","hentry","category-our-journey-with-a-new-love-language-corporate-faith","tag-artecomafeto-en","tag-artecomcor-en","tag-fatimaportugal-en","tag-fecomcor-en","tag-feitoemportugal-en","tag-jmj-2-en","tag-lisboa2023-en","tag-madeinportugal-en","tag-marcaportuguesa-en","tag-marcasportuguesas-en","tag-portugal-en","tag-portugalmanual-en","tag-portuguesebrand-en","tag-portuguesedesign-en","tag-produtoportugues-en","tag-thebrandswelove-en","tag-treze-en"],"yoast_head":"<!-- This site is optimized with the Yoast SEO plugin v27.2 - https:\/\/yoast.com\/product\/yoast-seo-wordpress\/ -->\n<title>Your faith in color - Treze<\/title>\n<meta name=\"description\" content=\"The ideal gift for everyone who wants to mark their participation in World Youth Day, with a souvenir for themselves and their group of friends or family. The limited edition is only available until July 28, 2023. Is your faith already in color?\" \/>\n<meta name=\"robots\" content=\"index, follow, max-snippet:-1, max-image-preview:large, max-video-preview:-1\" \/>\n<link rel=\"canonical\" href=\"https:\/\/www.trezeaderecosreligiosos.pt\/a-tua-fe-a-cores\/\" \/>\n<meta property=\"og:locale\" content=\"en_US\" \/>\n<meta property=\"og:type\" content=\"article\" \/>\n<meta property=\"og:title\" content=\"Your faith in color - Treze\" \/>\n<meta property=\"og:description\" content=\"The ideal gift for everyone who wants to mark their participation in World Youth Day, with a souvenir for themselves and their group of friends or family. The limited edition is only available until July 28, 2023. Is your faith already in color?\" \/>\n<meta property=\"og:url\" content=\"https:\/\/www.trezeaderecosreligiosos.pt\/a-tua-fe-a-cores\/\" \/>\n<meta property=\"og:site_name\" content=\"Treze\" \/>\n<meta property=\"article:publisher\" content=\"https:\/\/www.facebook.com\/Trezeaderecosreligiosos\/\" \/>\n<meta property=\"article:published_time\" content=\"2023-07-19T15:42:45+00:00\" \/>\n<meta property=\"article:modified_time\" content=\"2023-07-19T16:00:16+00:00\" \/>\n<meta property=\"og:image\" content=\"https:\/\/www.trezeaderecosreligiosos.pt\/wp\/wp-content\/uploads\/2023\/07\/Treze_a-tua-fe-a-cores_blog1.jpg\" \/>\n\t<meta property=\"og:image:width\" content=\"1200\" \/>\n\t<meta property=\"og:image:height\" content=\"800\" \/>\n\t<meta property=\"og:image:type\" content=\"image\/jpeg\" \/>\n<meta name=\"author\" content=\"Sofia Neves\" \/>\n<meta name=\"twitter:card\" content=\"summary_large_image\" \/>\n<meta name=\"twitter:label1\" content=\"Written by\" \/>\n\t<meta name=\"twitter:data1\" content=\"Sofia Neves\" \/>\n\t<meta name=\"twitter:label2\" content=\"Est. reading time\" \/>\n\t<meta name=\"twitter:data2\" content=\"3 minutes\" \/>\n<script type=\"application\/ld+json\" class=\"yoast-schema-graph\">{\"@context\":\"https:\/\/schema.org\",\"@graph\":[{\"@type\":\"Article\",\"@id\":\"https:\/\/www.trezeaderecosreligiosos.pt\/a-tua-fe-a-cores\/#article\",\"isPartOf\":{\"@id\":\"https:\/\/www.trezeaderecosreligiosos.pt\/a-tua-fe-a-cores\/\"},\"author\":{\"name\":\"Sofia Neves\",\"@id\":\"https:\/\/www.trezeaderecosreligiosos.pt\/#\/schema\/person\/7678dd919495c029b41139869b7f6e32\"},\"headline\":\"Your faith in color\",\"datePublished\":\"2023-07-19T15:42:45+00:00\",\"dateModified\":\"2023-07-19T16:00:16+00:00\",\"mainEntityOfPage\":{\"@id\":\"https:\/\/www.trezeaderecosreligiosos.pt\/a-tua-fe-a-cores\/\"},\"wordCount\":275,\"commentCount\":0,\"publisher\":{\"@id\":\"https:\/\/www.trezeaderecosreligiosos.pt\/#organization\"},\"image\":{\"@id\":\"https:\/\/www.trezeaderecosreligiosos.pt\/a-tua-fe-a-cores\/#primaryimage\"},\"thumbnailUrl\":\"https:\/\/www.trezeaderecosreligiosos.pt\/wp\/wp-content\/uploads\/2023\/07\/Treze_a-tua-fe-a-cores_blog1.jpg\",\"keywords\":[\"#artecomafeto\",\"#artecomcor\",\"#fatimaportugal\",\"#f\u00e9comcor\",\"#feitoemportugal\",\"#jmj\",\"#Lisboa2023\",\"#madeinportugal\",\"#marcaportuguesa\",\"#marcasportuguesas\",\"#portugal\",\"#portugalmanual\",\"#portuguesebrand\",\"#portuguesedesign\",\"#produtoportugues\",\"#thebrandswelove\",\"#treze\"],\"articleSection\":[\"Our Journey with a new love language: corporate faith\"],\"inLanguage\":\"en-US\",\"potentialAction\":[{\"@type\":\"CommentAction\",\"name\":\"Comment\",\"target\":[\"https:\/\/www.trezeaderecosreligiosos.pt\/a-tua-fe-a-cores\/#respond\"]}]},{\"@type\":\"WebPage\",\"@id\":\"https:\/\/www.trezeaderecosreligiosos.pt\/a-tua-fe-a-cores\/\",\"url\":\"https:\/\/www.trezeaderecosreligiosos.pt\/a-tua-fe-a-cores\/\",\"name\":\"Your faith in color - Treze\",\"isPartOf\":{\"@id\":\"https:\/\/www.trezeaderecosreligiosos.pt\/#website\"},\"primaryImageOfPage\":{\"@id\":\"https:\/\/www.trezeaderecosreligiosos.pt\/a-tua-fe-a-cores\/#primaryimage\"},\"image\":{\"@id\":\"https:\/\/www.trezeaderecosreligiosos.pt\/a-tua-fe-a-cores\/#primaryimage\"},\"thumbnailUrl\":\"https:\/\/www.trezeaderecosreligiosos.pt\/wp\/wp-content\/uploads\/2023\/07\/Treze_a-tua-fe-a-cores_blog1.jpg\",\"datePublished\":\"2023-07-19T15:42:45+00:00\",\"dateModified\":\"2023-07-19T16:00:16+00:00\",\"description\":\"The ideal gift for everyone who wants to mark their participation in World Youth Day, with a souvenir for themselves and their group of friends or family. The limited edition is only available until July 28, 2023. Is your faith already in color?\",\"breadcrumb\":{\"@id\":\"https:\/\/www.trezeaderecosreligiosos.pt\/a-tua-fe-a-cores\/#breadcrumb\"},\"inLanguage\":\"en-US\",\"potentialAction\":[{\"@type\":\"ReadAction\",\"target\":[\"https:\/\/www.trezeaderecosreligiosos.pt\/a-tua-fe-a-cores\/\"]}]},{\"@type\":\"ImageObject\",\"inLanguage\":\"en-US\",\"@id\":\"https:\/\/www.trezeaderecosreligiosos.pt\/a-tua-fe-a-cores\/#primaryimage\",\"url\":\"https:\/\/www.trezeaderecosreligiosos.pt\/wp\/wp-content\/uploads\/2023\/07\/Treze_a-tua-fe-a-cores_blog1.jpg\",\"contentUrl\":\"https:\/\/www.trezeaderecosreligiosos.pt\/wp\/wp-content\/uploads\/2023\/07\/Treze_a-tua-fe-a-cores_blog1.jpg\",\"width\":1200,\"height\":800},{\"@type\":\"BreadcrumbList\",\"@id\":\"https:\/\/www.trezeaderecosreligiosos.pt\/a-tua-fe-a-cores\/#breadcrumb\",\"itemListElement\":[{\"@type\":\"ListItem\",\"position\":1,\"name\":\"In\u00edcio\",\"item\":\"https:\/\/www.trezeaderecosreligiosos.pt\/en\/\"},{\"@type\":\"ListItem\",\"position\":2,\"name\":\"Your faith in color\"}]},{\"@type\":\"WebSite\",\"@id\":\"https:\/\/www.trezeaderecosreligiosos.pt\/#website\",\"url\":\"https:\/\/www.trezeaderecosreligiosos.pt\/\",\"name\":\"Treze\",\"description\":\"Adere\u00e7os Religiosos\",\"publisher\":{\"@id\":\"https:\/\/www.trezeaderecosreligiosos.pt\/#organization\"},\"potentialAction\":[{\"@type\":\"SearchAction\",\"target\":{\"@type\":\"EntryPoint\",\"urlTemplate\":\"https:\/\/www.trezeaderecosreligiosos.pt\/?s={search_term_string}\"},\"query-input\":{\"@type\":\"PropertyValueSpecification\",\"valueRequired\":true,\"valueName\":\"search_term_string\"}}],\"inLanguage\":\"en-US\"},{\"@type\":\"Organization\",\"@id\":\"https:\/\/www.trezeaderecosreligiosos.pt\/#organization\",\"name\":\"Treze\",\"alternateName\":\"Adere\u00e7os religiosos\",\"url\":\"https:\/\/www.trezeaderecosreligiosos.pt\/\",\"logo\":{\"@type\":\"ImageObject\",\"inLanguage\":\"en-US\",\"@id\":\"https:\/\/www.trezeaderecosreligiosos.pt\/#\/schema\/logo\/image\/\",\"url\":\"https:\/\/www.trezeaderecosreligiosos.pt\/wp\/wp-content\/uploads\/2018\/10\/logo-treze.png\",\"contentUrl\":\"https:\/\/www.trezeaderecosreligiosos.pt\/wp\/wp-content\/uploads\/2018\/10\/logo-treze.png\",\"width\":149,\"height\":118,\"caption\":\"Treze\"},\"image\":{\"@id\":\"https:\/\/www.trezeaderecosreligiosos.pt\/#\/schema\/logo\/image\/\"},\"sameAs\":[\"https:\/\/www.facebook.com\/Trezeaderecosreligiosos\/\",\"https:\/\/www.instagram.com\/treze_portugal\/\",\"https:\/\/www.pinterest.pt\/trezepinterest\/\"]},{\"@type\":\"Person\",\"@id\":\"https:\/\/www.trezeaderecosreligiosos.pt\/#\/schema\/person\/7678dd919495c029b41139869b7f6e32\",\"name\":\"Sofia Neves\",\"url\":\"https:\/\/www.trezeaderecosreligiosos.pt\/en\/author\/sofia\/\"}]}<\/script>\n<!-- \/ Yoast SEO plugin. -->","yoast_head_json":{"title":"Your faith in color - Treze","description":"The ideal gift for everyone who wants to mark their participation in World Youth Day, with a souvenir for themselves and their group of friends or family. The limited edition is only available until July 28, 2023. Is your faith already in color?","robots":{"index":"index","follow":"follow","max-snippet":"max-snippet:-1","max-image-preview":"max-image-preview:large","max-video-preview":"max-video-preview:-1"},"canonical":"https:\/\/www.trezeaderecosreligiosos.pt\/a-tua-fe-a-cores\/","og_locale":"en_US","og_type":"article","og_title":"Your faith in color - Treze","og_description":"The ideal gift for everyone who wants to mark their participation in World Youth Day, with a souvenir for themselves and their group of friends or family. The limited edition is only available until July 28, 2023. Is your faith already in color?","og_url":"https:\/\/www.trezeaderecosreligiosos.pt\/a-tua-fe-a-cores\/","og_site_name":"Treze","article_publisher":"https:\/\/www.facebook.com\/Trezeaderecosreligiosos\/","article_published_time":"2023-07-19T15:42:45+00:00","article_modified_time":"2023-07-19T16:00:16+00:00","og_image":[{"width":1200,"height":800,"url":"https:\/\/www.trezeaderecosreligiosos.pt\/wp\/wp-content\/uploads\/2023\/07\/Treze_a-tua-fe-a-cores_blog1.jpg","type":"image\/jpeg"}],"author":"Sofia Neves","twitter_card":"summary_large_image","twitter_misc":{"Written by":"Sofia Neves","Est. reading time":"3 minutes"},"schema":{"@context":"https:\/\/schema.org","@graph":[{"@type":"Article","@id":"https:\/\/www.trezeaderecosreligiosos.pt\/a-tua-fe-a-cores\/#article","isPartOf":{"@id":"https:\/\/www.trezeaderecosreligiosos.pt\/a-tua-fe-a-cores\/"},"author":{"name":"Sofia Neves","@id":"https:\/\/www.trezeaderecosreligiosos.pt\/#\/schema\/person\/7678dd919495c029b41139869b7f6e32"},"headline":"Your faith in color","datePublished":"2023-07-19T15:42:45+00:00","dateModified":"2023-07-19T16:00:16+00:00","mainEntityOfPage":{"@id":"https:\/\/www.trezeaderecosreligiosos.pt\/a-tua-fe-a-cores\/"},"wordCount":275,"commentCount":0,"publisher":{"@id":"https:\/\/www.trezeaderecosreligiosos.pt\/#organization"},"image":{"@id":"https:\/\/www.trezeaderecosreligiosos.pt\/a-tua-fe-a-cores\/#primaryimage"},"thumbnailUrl":"https:\/\/www.trezeaderecosreligiosos.pt\/wp\/wp-content\/uploads\/2023\/07\/Treze_a-tua-fe-a-cores_blog1.jpg","keywords":["#artecomafeto","#artecomcor","#fatimaportugal","#f\u00e9comcor","#feitoemportugal","#jmj","#Lisboa2023","#madeinportugal","#marcaportuguesa","#marcasportuguesas","#portugal","#portugalmanual","#portuguesebrand","#portuguesedesign","#produtoportugues","#thebrandswelove","#treze"],"articleSection":["Our Journey with a new love language: corporate faith"],"inLanguage":"en-US","potentialAction":[{"@type":"CommentAction","name":"Comment","target":["https:\/\/www.trezeaderecosreligiosos.pt\/a-tua-fe-a-cores\/#respond"]}]},{"@type":"WebPage","@id":"https:\/\/www.trezeaderecosreligiosos.pt\/a-tua-fe-a-cores\/","url":"https:\/\/www.trezeaderecosreligiosos.pt\/a-tua-fe-a-cores\/","name":"Your faith in color - Treze","isPartOf":{"@id":"https:\/\/www.trezeaderecosreligiosos.pt\/#website"},"primaryImageOfPage":{"@id":"https:\/\/www.trezeaderecosreligiosos.pt\/a-tua-fe-a-cores\/#primaryimage"},"image":{"@id":"https:\/\/www.trezeaderecosreligiosos.pt\/a-tua-fe-a-cores\/#primaryimage"},"thumbnailUrl":"https:\/\/www.trezeaderecosreligiosos.pt\/wp\/wp-content\/uploads\/2023\/07\/Treze_a-tua-fe-a-cores_blog1.jpg","datePublished":"2023-07-19T15:42:45+00:00","dateModified":"2023-07-19T16:00:16+00:00","description":"The ideal gift for everyone who wants to mark their participation in World Youth Day, with a souvenir for themselves and their group of friends or family. The limited edition is only available until July 28, 2023. Is your faith already in color?","breadcrumb":{"@id":"https:\/\/www.trezeaderecosreligiosos.pt\/a-tua-fe-a-cores\/#breadcrumb"},"inLanguage":"en-US","potentialAction":[{"@type":"ReadAction","target":["https:\/\/www.trezeaderecosreligiosos.pt\/a-tua-fe-a-cores\/"]}]},{"@type":"ImageObject","inLanguage":"en-US","@id":"https:\/\/www.trezeaderecosreligiosos.pt\/a-tua-fe-a-cores\/#primaryimage","url":"https:\/\/www.trezeaderecosreligiosos.pt\/wp\/wp-content\/uploads\/2023\/07\/Treze_a-tua-fe-a-cores_blog1.jpg","contentUrl":"https:\/\/www.trezeaderecosreligiosos.pt\/wp\/wp-content\/uploads\/2023\/07\/Treze_a-tua-fe-a-cores_blog1.jpg","width":1200,"height":800},{"@type":"BreadcrumbList","@id":"https:\/\/www.trezeaderecosreligiosos.pt\/a-tua-fe-a-cores\/#breadcrumb","itemListElement":[{"@type":"ListItem","position":1,"name":"In\u00edcio","item":"https:\/\/www.trezeaderecosreligiosos.pt\/en\/"},{"@type":"ListItem","position":2,"name":"Your faith in color"}]},{"@type":"WebSite","@id":"https:\/\/www.trezeaderecosreligiosos.pt\/#website","url":"https:\/\/www.trezeaderecosreligiosos.pt\/","name":"Treze","description":"Adere\u00e7os Religiosos","publisher":{"@id":"https:\/\/www.trezeaderecosreligiosos.pt\/#organization"},"potentialAction":[{"@type":"SearchAction","target":{"@type":"EntryPoint","urlTemplate":"https:\/\/www.trezeaderecosreligiosos.pt\/?s={search_term_string}"},"query-input":{"@type":"PropertyValueSpecification","valueRequired":true,"valueName":"search_term_string"}}],"inLanguage":"en-US"},{"@type":"Organization","@id":"https:\/\/www.trezeaderecosreligiosos.pt\/#organization","name":"Treze","alternateName":"Adere\u00e7os religiosos","url":"https:\/\/www.trezeaderecosreligiosos.pt\/","logo":{"@type":"ImageObject","inLanguage":"en-US","@id":"https:\/\/www.trezeaderecosreligiosos.pt\/#\/schema\/logo\/image\/","url":"https:\/\/www.trezeaderecosreligiosos.pt\/wp\/wp-content\/uploads\/2018\/10\/logo-treze.png","contentUrl":"https:\/\/www.trezeaderecosreligiosos.pt\/wp\/wp-content\/uploads\/2018\/10\/logo-treze.png","width":149,"height":118,"caption":"Treze"},"image":{"@id":"https:\/\/www.trezeaderecosreligiosos.pt\/#\/schema\/logo\/image\/"},"sameAs":["https:\/\/www.facebook.com\/Trezeaderecosreligiosos\/","https:\/\/www.instagram.com\/treze_portugal\/","https:\/\/www.pinterest.pt\/trezepinterest\/"]},{"@type":"Person","@id":"https:\/\/www.trezeaderecosreligiosos.pt\/#\/schema\/person\/7678dd919495c029b41139869b7f6e32","name":"Sofia Neves","url":"https:\/\/www.trezeaderecosreligiosos.pt\/en\/author\/sofia\/"}]}},"_links":{"self":[{"href":"https:\/\/www.trezeaderecosreligiosos.pt\/en\/wp-json\/wp\/v2\/posts\/136680","targetHints":{"allow":["GET"]}}],"collection":[{"href":"https:\/\/www.trezeaderecosreligiosos.pt\/en\/wp-json\/wp\/v2\/posts"}],"about":[{"href":"https:\/\/www.trezeaderecosreligiosos.pt\/en\/wp-json\/wp\/v2\/types\/post"}],"author":[{"embeddable":true,"href":"https:\/\/www.trezeaderecosreligiosos.pt\/en\/wp-json\/wp\/v2\/users\/6"}],"replies":[{"embeddable":true,"href":"https:\/\/www.trezeaderecosreligiosos.pt\/en\/wp-json\/wp\/v2\/comments?post=136680"}],"version-history":[{"count":1,"href":"https:\/\/www.trezeaderecosreligiosos.pt\/en\/wp-json\/wp\/v2\/posts\/136680\/revisions"}],"predecessor-version":[{"id":136681,"href":"https:\/\/www.trezeaderecosreligiosos.pt\/en\/wp-json\/wp\/v2\/posts\/136680\/revisions\/136681"}],"wp:featuredmedia":[{"embeddable":true,"href":"https:\/\/www.trezeaderecosreligiosos.pt\/en\/wp-json\/wp\/v2\/media\/136661"}],"wp:attachment":[{"href":"https:\/\/www.trezeaderecosreligiosos.pt\/en\/wp-json\/wp\/v2\/media?parent=136680"}],"wp:term":[{"taxonomy":"category","embeddable":true,"href":"https:\/\/www.trezeaderecosreligiosos.pt\/en\/wp-json\/wp\/v2\/categories?post=136680"},{"taxonomy":"post_tag","embeddable":true,"href":"https:\/\/www.trezeaderecosreligiosos.pt\/en\/wp-json\/wp\/v2\/tags?post=136680"}],"curies":[{"name":"wp","href":"https:\/\/api.w.org\/{rel}","templated":true}]}}